{"id":17650,"date":"2024-12-17T15:24:07","date_gmt":"2024-12-17T14:24:07","guid":{"rendered":"https:\/\/digatus.com\/?p=17650"},"modified":"2025-12-19T17:01:04","modified_gmt":"2025-12-19T16:01:04","slug":"digatus-unterstuetzt-infrareal-bei-der-uebernahme-des-pharma-und-biotech-standorts-in-orth","status":"publish","type":"post","link":"https:\/\/digatus.com\/de\/digatus-unterstuetzt-infrareal-bei-der-uebernahme-des-pharma-und-biotech-standorts-in-orth\/","title":{"rendered":"digatus unterst\u00fctzt Infrareal bei der \u00dcbernahme des Pharma- und Biotech-Standorts in Orth"},"content":{"rendered":"\t\t<div data-elementor-type=\"wp-post\" data-elementor-id=\"17650\" class=\"elementor elementor-17650\" data-elementor-post-type=\"post\">\n\t\t\t\t\t\t<section class=\"elementor-section elementor-top-section elementor-element elementor-element-611a16c elementor-section-boxed elementor-section-height-default elementor-section-height-default\" data-id=\"611a16c\" data-element_type=\"section\" data-e-type=\"section\">\n\t\t\t\t\t\t<div class=\"elementor-container elementor-column-gap-default\">\n\t\t\t\t\t<div class=\"elementor-column elementor-col-100 elementor-top-column elementor-element elementor-element-face9ea\" data-id=\"face9ea\" data-element_type=\"column\" data-e-type=\"column\">\n\t\t\t<div class=\"elementor-widget-wrap elementor-element-populated\">\n\t\t\t\t\t\t<div class=\"elementor-element elementor-element-e7badb9 elementor-widget elementor-widget-text-editor\" data-id=\"e7badb9\" data-element_type=\"widget\" data-e-type=\"widget\" data-widget_type=\"text-editor.default\">\n\t\t\t\t<div class=\"elementor-widget-container\">\n\t\t\t\t\t\t\t\t\t<p>W\u00e4hrend der 1-monatigen IT Due Diligence zu Beginn des Jahres unterzog digatus die IT-Landschaft des Zielunternehmens einer genauen Pr\u00fcfung, unter anderem durch:<\/p>\n<p>\u00a0<\/p>\n<ul>\n<li>Analyse der IT IST-Situation<\/li>\n<li>Entwicklung eines potenziellen IT-Zielbildes<\/li>\n<li>Kosten-, Investition-, und Risikoabsch\u00e4tzung<\/li>\n<li>\u00dcberpr\u00fcfung der Kompatibilit\u00e4t- und Integrationsm\u00f6glichkeiten von Applikationen<\/li>\n<\/ul>\n<p>\u00a0<\/p>\n<p>Die Infrareal Holding wird das 24 Hektar gro\u00dfe Grundst\u00fcck inklusive der Geb\u00e4ude sowie Infrastruktureinrichtungen und einige pharmazeutische Produktionsanlagen \u00fcbernehmen. Der Standort im \u00f6sterreichischen Orth ist ein Kompetenzzentrum der Pharma- und Life Science-Industrie mit Schwerpunkten in den Bereichen Gen- und Zelltherapie sowie Biologika. Die langj\u00e4hrige Erfahrung im Betrieb von Pharmastandorten will Infrareal nutzen, um den Standort auszubauen und weiterzuentwickeln. Damit verfolgt das Unternehmen seine angek\u00fcndigte Strategie, einer der f\u00fchrenden Betreiber von Pharma- und Biotech-Standorten im deutschsprachigen Raum zu werden.<\/p>\n<p>\u00a0<\/p>\n<h5>\u00dcber Infrareal Holding GmbH &amp; Co. KG<\/h5>\n<p><strong><br \/><\/strong>Infrareal besch\u00e4ftigt \u00fcber 800 Mitarbeitende und ist spezialisiert auf den Betrieb sowie die Entwicklung von Pharmaparks mit den Schwerpunkten Pharma, Biotechnologie und Life-Science. Dazu werden neue Industrieparks, Pharmaparks, Immobilien und Infrastruktur erworben, um hochkomplexe Multi-User-Standorte zu betreiben. Besonders wichtig ist es Infrareal dabei, f\u00fcr die jeweiligen Standorte langfristige Perspektiven zu schaffen. Aktuell betreibt das Unternehmen bereits mehr als 250 Geb\u00e4ude und Anlagen.<\/p>\t\t\t\t\t\t\t\t<\/div>\n\t\t\t\t<\/div>\n\t\t\t\t\t<\/div>\n\t\t<\/div>\n\t\t\t\t\t<\/div>\n\t\t<\/section>\n\t\t<div class=\"elementor-element elementor-element-2897fd6 e-flex e-con-boxed e-con e-parent\" data-id=\"2897fd6\" data-element_type=\"container\" data-e-type=\"container\">\n\t\t\t\t\t<div class=\"e-con-inner\">\n\t\t\t\t<div class=\"elementor-element elementor-element-20442 elementor-author-box--layout-image-above elementor-widget elementor-widget-global elementor-global-20442 elementor-widget-author-box\" data-id=\"20442\" data-element_type=\"widget\" data-e-type=\"widget\" data-widget_type=\"author-box.default\">\n\t\t\t\t<div class=\"elementor-widget-container\">\n\t\t\t\t\t\t\t<div class=\"elementor-author-box\">\n\t\t\t\t\t\t\t<div  class=\"elementor-author-box__avatar\">\n\t\t\t\t\t<img decoding=\"async\" src=\"https:\/\/digatus.com\/wp-content\/uploads\/2024\/03\/digatus-robert-mair-300x300.jpg\" alt=\"Bild von Robert Mair\" loading=\"lazy\">\n\t\t\t\t<\/div>\n\t\t\t\n\t\t\t<div class=\"elementor-author-box__text\">\n\t\t\t\t\t\t\t\t\t<div >\n\t\t\t\t\t\t<h1 class=\"elementor-author-box__name\">\n\t\t\t\t\t\t\tRobert Mair\t\t\t\t\t\t<\/h1>\n\t\t\t\t\t<\/div>\n\t\t\t\t\n\t\t\t\t\t\t\t\t\t<div class=\"elementor-author-box__bio\">\n\t\t\t\t\t\t<p>Mit \u00fcber 17 Jahren Berufserfahrung in der IT-Branche hat Robert Mair umfassendes Know-how in einer breiten Palette von Funktionen und Sektoren entwickelt. Seine profunde Kenntnis in der Abwicklung internationaler wie nationaler Projekte und der Leitung hybrider Teams, verleiht ihm ein tiefgehendes Verst\u00e4ndnis f\u00fcr die Steuerung und den erfolgreichen Abschluss herausfordernder Projekte in zeitkritischen Kundensituationen. In seiner Rolle als Principal bei digatus bringt er seine Expertise als vorrangig in den Bereichen IT-Mergers & Acquisitions sowie IT-Transformation ein.<\/p>\n\t\t\t\t\t<\/div>\n\t\t\t\t\n\t\t\t\t\t\t\t\t\t<a class=\"elementor-author-box__button elementor-button elementor-size-xs\" href=\"https:\/\/www.linkedin.com\/in\/robert-mair-a0061538\/\">\n\t\t\t\t\t\tRobert auf LinkedIn\t\t\t\t\t<\/a>\n\t\t\t\t\t\t\t<\/div>\n\t\t<\/div>\n\t\t\t\t\t\t<\/div>\n\t\t\t\t<\/div>\n\t\t\t\t\t<\/div>\n\t\t\t\t<\/div>\n\t\t\t\t<\/div>\n\t\t","protected":false},"excerpt":{"rendered":"<p>Im Vorfeld f\u00fchrte digatus bereits die IT Due Diligence durch und unterst\u00fctzt die Infrareal Holding GmbH &#038; Co. KG nun auch w\u00e4hrend der \u00dcbernahme und Eingliederung des Pharma- und Biotech-Standorts.<\/p>\n","protected":false},"author":2,"featured_media":21668,"comment_status":"closed","ping_status":"closed","sticky":false,"template":"","format":"standard","meta":{"footnotes":""},"categories":[95],"tags":[72],"class_list":["post-17650","post","type-post","status-publish","format-standard","has-post-thumbnail","hentry","category-artikel","tag-it-ma"],"yoast_head":"<!-- This site is optimized with the Yoast SEO plugin v27.4 - https:\/\/yoast.com\/product\/yoast-seo-wordpress\/ -->\n<title>digatus unterst\u00fctzt Infrareal bei der \u00dcbernahme des Pharma- und Biotech-Standorts in Orth - digatus<\/title>\n<meta name=\"description\" content=\"Nach initialer IT Due Diligence unterst\u00fctzt digatus Infrareal nun bei der \u00dcbernahme des Pharma- und Biotech-Standorts in Orth\" \/>\n<meta name=\"robots\" content=\"index, follow, max-snippet:-1, max-image-preview:large, max-video-preview:-1\" \/>\n<link rel=\"canonical\" href=\"https:\/\/digatus.com\/de\/digatus-unterstuetzt-infrareal-bei-der-uebernahme-des-pharma-und-biotech-standorts-in-orth\/\" \/>\n<meta property=\"og:locale\" content=\"de_DE\" \/>\n<meta property=\"og:type\" content=\"article\" \/>\n<meta property=\"og:title\" content=\"digatus unterst\u00fctzt Infrareal bei der \u00dcbernahme des Pharma- und Biotech-Standorts in Orth\" \/>\n<meta property=\"og:description\" content=\"Nach initialer IT Due Diligence unterst\u00fctzt digatus Infrareal nun bei der \u00dcbernahme des Pharma- und Biotech-Standorts in Orth\" \/>\n<meta property=\"og:url\" content=\"https:\/\/digatus.com\/de\/digatus-unterstuetzt-infrareal-bei-der-uebernahme-des-pharma-und-biotech-standorts-in-orth\/\" \/>\n<meta property=\"og:site_name\" content=\"digatus\" \/>\n<meta property=\"article:published_time\" content=\"2024-12-17T14:24:07+00:00\" \/>\n<meta property=\"article:modified_time\" content=\"2025-12-19T16:01:04+00:00\" \/>\n<meta name=\"author\" content=\"Annabell Renner\" \/>\n<meta name=\"twitter:card\" content=\"summary_large_image\" \/>\n<meta name=\"twitter:title\" content=\"digatus unterst\u00fctzt Infrareal bei der \u00dcbernahme des Pharma- und Biotech-Standorts in Orth\" \/>\n<meta name=\"twitter:description\" content=\"Nach initialer IT Due Diligence unterst\u00fctzt digatus Infrareal nun bei der \u00dcbernahme des Pharma- und Biotech-Standorts in Orth\" \/>\n<meta name=\"twitter:label1\" content=\"Verfasst von\" \/>\n\t<meta name=\"twitter:data1\" content=\"Annabell Renner\" \/>\n\t<meta name=\"twitter:label2\" content=\"Gesch\u00e4tzte Lesezeit\" \/>\n\t<meta name=\"twitter:data2\" content=\"2\u00a0Minuten\" \/>\n<script type=\"application\/ld+json\" class=\"yoast-schema-graph\">{\"@context\":\"https:\\\/\\\/schema.org\",\"@graph\":[{\"@type\":\"Article\",\"@id\":\"https:\\\/\\\/digatus.com\\\/de\\\/digatus-unterstuetzt-infrareal-bei-der-uebernahme-des-pharma-und-biotech-standorts-in-orth\\\/#article\",\"isPartOf\":{\"@id\":\"https:\\\/\\\/digatus.com\\\/de\\\/digatus-unterstuetzt-infrareal-bei-der-uebernahme-des-pharma-und-biotech-standorts-in-orth\\\/\"},\"author\":{\"name\":\"Annabell Renner\",\"@id\":\"https:\\\/\\\/digatus.com\\\/de\\\/#\\\/schema\\\/person\\\/4902929f286856c9caf9575e10acd69e\"},\"headline\":\"digatus unterst\u00fctzt Infrareal bei der \u00dcbernahme des Pharma- und Biotech-Standorts in Orth\",\"datePublished\":\"2024-12-17T14:24:07+00:00\",\"dateModified\":\"2025-12-19T16:01:04+00:00\",\"mainEntityOfPage\":{\"@id\":\"https:\\\/\\\/digatus.com\\\/de\\\/digatus-unterstuetzt-infrareal-bei-der-uebernahme-des-pharma-und-biotech-standorts-in-orth\\\/\"},\"wordCount\":213,\"publisher\":{\"@id\":\"https:\\\/\\\/digatus.com\\\/de\\\/#organization\"},\"image\":{\"@id\":\"https:\\\/\\\/digatus.com\\\/de\\\/digatus-unterstuetzt-infrareal-bei-der-uebernahme-des-pharma-und-biotech-standorts-in-orth\\\/#primaryimage\"},\"thumbnailUrl\":\"https:\\\/\\\/digatus.com\\\/wp-content\\\/uploads\\\/2024\\\/12\\\/digatus_infrareal-scaled-1.jpg\",\"keywords\":[\"IT M&amp;A\"],\"articleSection\":[\"Artikel\"],\"inLanguage\":\"de\"},{\"@type\":\"WebPage\",\"@id\":\"https:\\\/\\\/digatus.com\\\/de\\\/digatus-unterstuetzt-infrareal-bei-der-uebernahme-des-pharma-und-biotech-standorts-in-orth\\\/\",\"url\":\"https:\\\/\\\/digatus.com\\\/de\\\/digatus-unterstuetzt-infrareal-bei-der-uebernahme-des-pharma-und-biotech-standorts-in-orth\\\/\",\"name\":\"digatus unterst\u00fctzt Infrareal bei der \u00dcbernahme des Pharma- und Biotech-Standorts in Orth - digatus\",\"isPartOf\":{\"@id\":\"https:\\\/\\\/digatus.com\\\/de\\\/#website\"},\"primaryImageOfPage\":{\"@id\":\"https:\\\/\\\/digatus.com\\\/de\\\/digatus-unterstuetzt-infrareal-bei-der-uebernahme-des-pharma-und-biotech-standorts-in-orth\\\/#primaryimage\"},\"image\":{\"@id\":\"https:\\\/\\\/digatus.com\\\/de\\\/digatus-unterstuetzt-infrareal-bei-der-uebernahme-des-pharma-und-biotech-standorts-in-orth\\\/#primaryimage\"},\"thumbnailUrl\":\"https:\\\/\\\/digatus.com\\\/wp-content\\\/uploads\\\/2024\\\/12\\\/digatus_infrareal-scaled-1.jpg\",\"datePublished\":\"2024-12-17T14:24:07+00:00\",\"dateModified\":\"2025-12-19T16:01:04+00:00\",\"description\":\"Nach initialer IT Due Diligence unterst\u00fctzt digatus Infrareal nun bei der \u00dcbernahme des Pharma- und Biotech-Standorts in Orth\",\"breadcrumb\":{\"@id\":\"https:\\\/\\\/digatus.com\\\/de\\\/digatus-unterstuetzt-infrareal-bei-der-uebernahme-des-pharma-und-biotech-standorts-in-orth\\\/#breadcrumb\"},\"inLanguage\":\"de\",\"potentialAction\":[{\"@type\":\"ReadAction\",\"target\":[\"https:\\\/\\\/digatus.com\\\/de\\\/digatus-unterstuetzt-infrareal-bei-der-uebernahme-des-pharma-und-biotech-standorts-in-orth\\\/\"]}]},{\"@type\":\"ImageObject\",\"inLanguage\":\"de\",\"@id\":\"https:\\\/\\\/digatus.com\\\/de\\\/digatus-unterstuetzt-infrareal-bei-der-uebernahme-des-pharma-und-biotech-standorts-in-orth\\\/#primaryimage\",\"url\":\"https:\\\/\\\/digatus.com\\\/wp-content\\\/uploads\\\/2024\\\/12\\\/digatus_infrareal-scaled-1.jpg\",\"contentUrl\":\"https:\\\/\\\/digatus.com\\\/wp-content\\\/uploads\\\/2024\\\/12\\\/digatus_infrareal-scaled-1.jpg\",\"width\":2560,\"height\":1151},{\"@type\":\"BreadcrumbList\",\"@id\":\"https:\\\/\\\/digatus.com\\\/de\\\/digatus-unterstuetzt-infrareal-bei-der-uebernahme-des-pharma-und-biotech-standorts-in-orth\\\/#breadcrumb\",\"itemListElement\":[{\"@type\":\"ListItem\",\"position\":1,\"name\":\"Startseite\",\"item\":\"https:\\\/\\\/digatus.com\\\/de\\\/\"},{\"@type\":\"ListItem\",\"position\":2,\"name\":\"digatus unterst\u00fctzt Infrareal bei der \u00dcbernahme des Pharma- und Biotech-Standorts in Orth\"}]},{\"@type\":\"WebSite\",\"@id\":\"https:\\\/\\\/digatus.com\\\/de\\\/#website\",\"url\":\"https:\\\/\\\/digatus.com\\\/de\\\/\",\"name\":\"digatus\",\"description\":\"Transforming IT, Empowering Business.\",\"publisher\":{\"@id\":\"https:\\\/\\\/digatus.com\\\/de\\\/#organization\"},\"potentialAction\":[{\"@type\":\"SearchAction\",\"target\":{\"@type\":\"EntryPoint\",\"urlTemplate\":\"https:\\\/\\\/digatus.com\\\/de\\\/?s={search_term_string}\"},\"query-input\":{\"@type\":\"PropertyValueSpecification\",\"valueRequired\":true,\"valueName\":\"search_term_string\"}}],\"inLanguage\":\"de\"},{\"@type\":\"Organization\",\"@id\":\"https:\\\/\\\/digatus.com\\\/de\\\/#organization\",\"name\":\"digatus\",\"url\":\"https:\\\/\\\/digatus.com\\\/de\\\/\",\"logo\":{\"@type\":\"ImageObject\",\"inLanguage\":\"de\",\"@id\":\"https:\\\/\\\/digatus.com\\\/de\\\/#\\\/schema\\\/logo\\\/image\\\/\",\"url\":\"https:\\\/\\\/digatus.com\\\/wp-content\\\/uploads\\\/2025\\\/01\\\/Logo_digatus_green_web_rgb.png\",\"contentUrl\":\"https:\\\/\\\/digatus.com\\\/wp-content\\\/uploads\\\/2025\\\/01\\\/Logo_digatus_green_web_rgb.png\",\"width\":1200,\"height\":312,\"caption\":\"digatus\"},\"image\":{\"@id\":\"https:\\\/\\\/digatus.com\\\/de\\\/#\\\/schema\\\/logo\\\/image\\\/\"}},{\"@type\":\"Person\",\"@id\":\"https:\\\/\\\/digatus.com\\\/de\\\/#\\\/schema\\\/person\\\/4902929f286856c9caf9575e10acd69e\",\"name\":\"Annabell Renner\",\"image\":{\"@type\":\"ImageObject\",\"inLanguage\":\"de\",\"@id\":\"https:\\\/\\\/secure.gravatar.com\\\/avatar\\\/f260d8c39a817b4f01ed758cefc9933458252cc43e8c4c292328cc6009d4fea2?s=96&d=mm&r=g\",\"url\":\"https:\\\/\\\/secure.gravatar.com\\\/avatar\\\/f260d8c39a817b4f01ed758cefc9933458252cc43e8c4c292328cc6009d4fea2?s=96&d=mm&r=g\",\"contentUrl\":\"https:\\\/\\\/secure.gravatar.com\\\/avatar\\\/f260d8c39a817b4f01ed758cefc9933458252cc43e8c4c292328cc6009d4fea2?s=96&d=mm&r=g\",\"caption\":\"Annabell Renner\"},\"url\":\"https:\\\/\\\/digatus.com\\\/de\\\/author\\\/annabell\\\/\"}]}<\/script>\n<!-- \/ Yoast SEO plugin. -->","yoast_head_json":{"title":"digatus unterst\u00fctzt Infrareal bei der \u00dcbernahme des Pharma- und Biotech-Standorts in Orth - digatus","description":"Nach initialer IT Due Diligence unterst\u00fctzt digatus Infrareal nun bei der \u00dcbernahme des Pharma- und Biotech-Standorts in Orth","robots":{"index":"index","follow":"follow","max-snippet":"max-snippet:-1","max-image-preview":"max-image-preview:large","max-video-preview":"max-video-preview:-1"},"canonical":"https:\/\/digatus.com\/de\/digatus-unterstuetzt-infrareal-bei-der-uebernahme-des-pharma-und-biotech-standorts-in-orth\/","og_locale":"de_DE","og_type":"article","og_title":"digatus unterst\u00fctzt Infrareal bei der \u00dcbernahme des Pharma- und Biotech-Standorts in Orth","og_description":"Nach initialer IT Due Diligence unterst\u00fctzt digatus Infrareal nun bei der \u00dcbernahme des Pharma- und Biotech-Standorts in Orth","og_url":"https:\/\/digatus.com\/de\/digatus-unterstuetzt-infrareal-bei-der-uebernahme-des-pharma-und-biotech-standorts-in-orth\/","og_site_name":"digatus","article_published_time":"2024-12-17T14:24:07+00:00","article_modified_time":"2025-12-19T16:01:04+00:00","author":"Annabell Renner","twitter_card":"summary_large_image","twitter_title":"digatus unterst\u00fctzt Infrareal bei der \u00dcbernahme des Pharma- und Biotech-Standorts in Orth","twitter_description":"Nach initialer IT Due Diligence unterst\u00fctzt digatus Infrareal nun bei der \u00dcbernahme des Pharma- und Biotech-Standorts in Orth","twitter_misc":{"Verfasst von":"Annabell Renner","Gesch\u00e4tzte Lesezeit":"2\u00a0Minuten"},"schema":{"@context":"https:\/\/schema.org","@graph":[{"@type":"Article","@id":"https:\/\/digatus.com\/de\/digatus-unterstuetzt-infrareal-bei-der-uebernahme-des-pharma-und-biotech-standorts-in-orth\/#article","isPartOf":{"@id":"https:\/\/digatus.com\/de\/digatus-unterstuetzt-infrareal-bei-der-uebernahme-des-pharma-und-biotech-standorts-in-orth\/"},"author":{"name":"Annabell Renner","@id":"https:\/\/digatus.com\/de\/#\/schema\/person\/4902929f286856c9caf9575e10acd69e"},"headline":"digatus unterst\u00fctzt Infrareal bei der \u00dcbernahme des Pharma- und Biotech-Standorts in Orth","datePublished":"2024-12-17T14:24:07+00:00","dateModified":"2025-12-19T16:01:04+00:00","mainEntityOfPage":{"@id":"https:\/\/digatus.com\/de\/digatus-unterstuetzt-infrareal-bei-der-uebernahme-des-pharma-und-biotech-standorts-in-orth\/"},"wordCount":213,"publisher":{"@id":"https:\/\/digatus.com\/de\/#organization"},"image":{"@id":"https:\/\/digatus.com\/de\/digatus-unterstuetzt-infrareal-bei-der-uebernahme-des-pharma-und-biotech-standorts-in-orth\/#primaryimage"},"thumbnailUrl":"https:\/\/digatus.com\/wp-content\/uploads\/2024\/12\/digatus_infrareal-scaled-1.jpg","keywords":["IT M&amp;A"],"articleSection":["Artikel"],"inLanguage":"de"},{"@type":"WebPage","@id":"https:\/\/digatus.com\/de\/digatus-unterstuetzt-infrareal-bei-der-uebernahme-des-pharma-und-biotech-standorts-in-orth\/","url":"https:\/\/digatus.com\/de\/digatus-unterstuetzt-infrareal-bei-der-uebernahme-des-pharma-und-biotech-standorts-in-orth\/","name":"digatus unterst\u00fctzt Infrareal bei der \u00dcbernahme des Pharma- und Biotech-Standorts in Orth - digatus","isPartOf":{"@id":"https:\/\/digatus.com\/de\/#website"},"primaryImageOfPage":{"@id":"https:\/\/digatus.com\/de\/digatus-unterstuetzt-infrareal-bei-der-uebernahme-des-pharma-und-biotech-standorts-in-orth\/#primaryimage"},"image":{"@id":"https:\/\/digatus.com\/de\/digatus-unterstuetzt-infrareal-bei-der-uebernahme-des-pharma-und-biotech-standorts-in-orth\/#primaryimage"},"thumbnailUrl":"https:\/\/digatus.com\/wp-content\/uploads\/2024\/12\/digatus_infrareal-scaled-1.jpg","datePublished":"2024-12-17T14:24:07+00:00","dateModified":"2025-12-19T16:01:04+00:00","description":"Nach initialer IT Due Diligence unterst\u00fctzt digatus Infrareal nun bei der \u00dcbernahme des Pharma- und Biotech-Standorts in Orth","breadcrumb":{"@id":"https:\/\/digatus.com\/de\/digatus-unterstuetzt-infrareal-bei-der-uebernahme-des-pharma-und-biotech-standorts-in-orth\/#breadcrumb"},"inLanguage":"de","potentialAction":[{"@type":"ReadAction","target":["https:\/\/digatus.com\/de\/digatus-unterstuetzt-infrareal-bei-der-uebernahme-des-pharma-und-biotech-standorts-in-orth\/"]}]},{"@type":"ImageObject","inLanguage":"de","@id":"https:\/\/digatus.com\/de\/digatus-unterstuetzt-infrareal-bei-der-uebernahme-des-pharma-und-biotech-standorts-in-orth\/#primaryimage","url":"https:\/\/digatus.com\/wp-content\/uploads\/2024\/12\/digatus_infrareal-scaled-1.jpg","contentUrl":"https:\/\/digatus.com\/wp-content\/uploads\/2024\/12\/digatus_infrareal-scaled-1.jpg","width":2560,"height":1151},{"@type":"BreadcrumbList","@id":"https:\/\/digatus.com\/de\/digatus-unterstuetzt-infrareal-bei-der-uebernahme-des-pharma-und-biotech-standorts-in-orth\/#breadcrumb","itemListElement":[{"@type":"ListItem","position":1,"name":"Startseite","item":"https:\/\/digatus.com\/de\/"},{"@type":"ListItem","position":2,"name":"digatus unterst\u00fctzt Infrareal bei der \u00dcbernahme des Pharma- und Biotech-Standorts in Orth"}]},{"@type":"WebSite","@id":"https:\/\/digatus.com\/de\/#website","url":"https:\/\/digatus.com\/de\/","name":"digatus","description":"Transforming IT, Empowering Business.","publisher":{"@id":"https:\/\/digatus.com\/de\/#organization"},"potentialAction":[{"@type":"SearchAction","target":{"@type":"EntryPoint","urlTemplate":"https:\/\/digatus.com\/de\/?s={search_term_string}"},"query-input":{"@type":"PropertyValueSpecification","valueRequired":true,"valueName":"search_term_string"}}],"inLanguage":"de"},{"@type":"Organization","@id":"https:\/\/digatus.com\/de\/#organization","name":"digatus","url":"https:\/\/digatus.com\/de\/","logo":{"@type":"ImageObject","inLanguage":"de","@id":"https:\/\/digatus.com\/de\/#\/schema\/logo\/image\/","url":"https:\/\/digatus.com\/wp-content\/uploads\/2025\/01\/Logo_digatus_green_web_rgb.png","contentUrl":"https:\/\/digatus.com\/wp-content\/uploads\/2025\/01\/Logo_digatus_green_web_rgb.png","width":1200,"height":312,"caption":"digatus"},"image":{"@id":"https:\/\/digatus.com\/de\/#\/schema\/logo\/image\/"}},{"@type":"Person","@id":"https:\/\/digatus.com\/de\/#\/schema\/person\/4902929f286856c9caf9575e10acd69e","name":"Annabell Renner","image":{"@type":"ImageObject","inLanguage":"de","@id":"https:\/\/secure.gravatar.com\/avatar\/f260d8c39a817b4f01ed758cefc9933458252cc43e8c4c292328cc6009d4fea2?s=96&d=mm&r=g","url":"https:\/\/secure.gravatar.com\/avatar\/f260d8c39a817b4f01ed758cefc9933458252cc43e8c4c292328cc6009d4fea2?s=96&d=mm&r=g","contentUrl":"https:\/\/secure.gravatar.com\/avatar\/f260d8c39a817b4f01ed758cefc9933458252cc43e8c4c292328cc6009d4fea2?s=96&d=mm&r=g","caption":"Annabell Renner"},"url":"https:\/\/digatus.com\/de\/author\/annabell\/"}]}},"_links":{"self":[{"href":"https:\/\/digatus.com\/de\/wp-json\/wp\/v2\/posts\/17650","targetHints":{"allow":["GET"]}}],"collection":[{"href":"https:\/\/digatus.com\/de\/wp-json\/wp\/v2\/posts"}],"about":[{"href":"https:\/\/digatus.com\/de\/wp-json\/wp\/v2\/types\/post"}],"author":[{"embeddable":true,"href":"https:\/\/digatus.com\/de\/wp-json\/wp\/v2\/users\/2"}],"replies":[{"embeddable":true,"href":"https:\/\/digatus.com\/de\/wp-json\/wp\/v2\/comments?post=17650"}],"version-history":[{"count":4,"href":"https:\/\/digatus.com\/de\/wp-json\/wp\/v2\/posts\/17650\/revisions"}],"predecessor-version":[{"id":29945,"href":"https:\/\/digatus.com\/de\/wp-json\/wp\/v2\/posts\/17650\/revisions\/29945"}],"wp:featuredmedia":[{"embeddable":true,"href":"https:\/\/digatus.com\/de\/wp-json\/wp\/v2\/media\/21668"}],"wp:attachment":[{"href":"https:\/\/digatus.com\/de\/wp-json\/wp\/v2\/media?parent=17650"}],"wp:term":[{"taxonomy":"category","embeddable":true,"href":"https:\/\/digatus.com\/de\/wp-json\/wp\/v2\/categories?post=17650"},{"taxonomy":"post_tag","embeddable":true,"href":"https:\/\/digatus.com\/de\/wp-json\/wp\/v2\/tags?post=17650"}],"curies":[{"name":"wp","href":"https:\/\/api.w.org\/{rel}","templated":true}]}}